{"id":1498,"date":"2023-11-08T14:35:02","date_gmt":"2023-11-08T13:35:02","guid":{"rendered":"https:\/\/consmarsiglia.esteri.it\/?p=1498"},"modified":"2023-11-08T14:35:02","modified_gmt":"2023-11-08T13:35:02","slug":"viii-edizione-della-settimana-della-cucina-italiana-nel-mondo-a-tavola-con-la-cucina-italiana-il-benessere-con-gusto","status":"publish","type":"post","link":"https:\/\/consmarsiglia.esteri.it\/it\/news\/dal_consolato\/2023\/11\/viii-edizione-della-settimana-della-cucina-italiana-nel-mondo-a-tavola-con-la-cucina-italiana-il-benessere-con-gusto\/","title":{"rendered":"VIII edizione della \u201cSettimana della cucina italiana nel mondo\u201d: \u201cA tavola con la cucina italiana: il benessere con gusto\u201d"},"content":{"rendered":"<div class=\"entry-content\">\n<p>Dal 13 al 18 novembre 2023 avr\u00e0 luogo in Francia la VIII edizione della \u201cSettimana della cucina italiana nel mondo\u201d, la rassegna che, su iniziativa del Ministero degli Affari esteri e della Cooperazione internazionale, vede l\u2019intera rete diplomatico-consolare impegnata nella promozione dei prodotti agroalimentari italiani e della dieta mediterranea.<\/p>\n<p>L\u2019edizione di quest\u2019anno \u00e8 intitolata \u201cA tavola con la cucina italiana: il benessere con gusto\u201d. La manifestazione intende continuare a porsi quale momento centrale della strategia di promozione posta in essere dall\u2019Italia, valorizzando il fil rouge che lega gusto, cultura e benessere.<\/p>\n<p>Quest\u2019anno il tema \u00e8 fortemente connesso con quello della candidatura della cucina italiana a patrimonio immateriale dell\u2019UNESCO. La cd. dieta mediterranea, \u00e8 infatti universalmente riconosciuta quale sinonimo di un regime alimentare sano e di elevata qualit\u00e0, e di benessere, inteso come stile di vita corretto e salutare. Senza per\u00f2 dimenticarci del \u201cgusto\u201d: la bont\u00e0 della nostra cucina e delle nostre ricette ci \u00e8 riconosciuta da tutti e i ristoranti italiani sono ovunque nel mondo un punto di riferimento per gli appassionati di cucina e di buona tavola.<\/p>\n<p><a href=\"https:\/\/ambparigi.esteri.it\/wp-content\/uploads\/2023\/11\/Locandina-Eventi-Settimana-della-Cucina-2023_COMPLETA.pdf\">Clicca qui<\/a>\u00a0per visualizzare il programma delle iniziative.<\/p>\n<\/div>\n","protected":false},"excerpt":{"rendered":"Dal 13 al 18 novembre 2023 avr\u00e0 luogo in Francia la VIII edizione della \u201cSettimana della cucina italiana nel mondo\u201d, la rassegna che, su iniziativa del Ministero degli Affari esteri e della Cooperazione internazionale, vede l\u2019intera rete diplomatico-consolare impegnata nella promozione dei prodotti agroalimentari italiani e della dieta mediterranea. L\u2019edizione di quest\u2019anno \u00e8 intitolata \u201cA [&hellip;]","protected":false},"author":6,"featured_media":1504,"comment_status":"closed","ping_status":"closed","sticky":false,"template":"","format":"standard","meta":{"footnotes":""},"tags":[],"class_list":["post-1498","post","type-post","status-publish","format-standard","has-post-thumbnail","hentry"],"_links":{"self":[{"href":"https:\/\/consmarsiglia.esteri.it\/it\/wp-json\/wp\/v2\/posts\/1498","targetHints":{"allow":["GET"]}}],"collection":[{"href":"https:\/\/consmarsiglia.esteri.it\/it\/wp-json\/wp\/v2\/posts"}],"about":[{"href":"https:\/\/consmarsiglia.esteri.it\/it\/wp-json\/wp\/v2\/types\/post"}],"author":[{"embeddable":true,"href":"https:\/\/consmarsiglia.esteri.it\/it\/wp-json\/wp\/v2\/users\/6"}],"replies":[{"embeddable":true,"href":"https:\/\/consmarsiglia.esteri.it\/it\/wp-json\/wp\/v2\/comments?post=1498"}],"version-history":[{"count":1,"href":"https:\/\/consmarsiglia.esteri.it\/it\/wp-json\/wp\/v2\/posts\/1498\/revisions"}],"predecessor-version":[{"id":1507,"href":"https:\/\/consmarsiglia.esteri.it\/it\/wp-json\/wp\/v2\/posts\/1498\/revisions\/1507"}],"wp:featuredmedia":[{"embeddable":true,"href":"https:\/\/consmarsiglia.esteri.it\/it\/wp-json\/wp\/v2\/media\/1504"}],"wp:attachment":[{"href":"https:\/\/consmarsiglia.esteri.it\/it\/wp-json\/wp\/v2\/media?parent=1498"}],"wp:term":[{"taxonomy":"post_tag","embeddable":true,"href":"https:\/\/consmarsiglia.esteri.it\/it\/wp-json\/wp\/v2\/tags?post=1498"}],"curies":[{"name":"wp","href":"https:\/\/api.w.org\/{rel}","templated":true}]}}