{"id":3793,"date":"2025-12-23T12:10:30","date_gmt":"2025-12-23T11:10:30","guid":{"rendered":"https:\/\/consmarsiglia.esteri.it\/?p=3793"},"modified":"2025-12-23T12:10:30","modified_gmt":"2025-12-23T11:10:30","slug":"informazione-ai-connazionali-chiusura-sede-3","status":"publish","type":"post","link":"https:\/\/consmarsiglia.esteri.it\/it\/news\/dal_consolato\/2025\/12\/informazione-ai-connazionali-chiusura-sede-3\/","title":{"rendered":"Informazione ai connazionali \u2013 Chiusura Sede"},"content":{"rendered":"<p data-start=\"0\" data-end=\"207\">Si comunica all\u2019utenza che il Consolato Generale d\u2019Italia a Marsiglia e gli Sportelli consolari di Tolosa e Bastia resteranno chiusi <strong data-start=\"133\" data-end=\"156\">gioved\u00ec 25 dicembre<\/strong>, <strong data-start=\"158\" data-end=\"181\">venerd\u00ec 26 dicembre<\/strong> e <strong data-start=\"184\" data-end=\"206\">gioved\u00ec 1\u00b0 gennaio<\/strong>.<\/p>\n<p data-start=\"209\" data-end=\"322\" data-is-last-node=\"\" data-is-only-node=\"\">Gli uffici saranno regolarmente aperti <strong data-start=\"248\" data-end=\"297\">da luned\u00ec 29 dicembre a mercoled\u00ec 31 dicembre<\/strong> e <strong data-start=\"300\" data-end=\"321\">venerd\u00ec 2 gennaio<\/strong>.<\/p>\n","protected":false},"excerpt":{"rendered":"Si comunica all\u2019utenza che il Consolato Generale d\u2019Italia a Marsiglia e gli Sportelli consolari di Tolosa e Bastia resteranno chiusi gioved\u00ec 25 dicembre, venerd\u00ec 26 dicembre e gioved\u00ec 1\u00b0 gennaio. Gli uffici saranno regolarmente aperti da luned\u00ec 29 dicembre a mercoled\u00ec 31 dicembre e venerd\u00ec 2 gennaio.","protected":false},"author":14,"featured_media":3796,"comment_status":"closed","ping_status":"closed","sticky":false,"template":"","format":"standard","meta":{"footnotes":""},"tags":[],"class_list":["post-3793","post","type-post","status-publish","format-standard","has-post-thumbnail","hentry"],"_links":{"self":[{"href":"https:\/\/consmarsiglia.esteri.it\/it\/wp-json\/wp\/v2\/posts\/3793","targetHints":{"allow":["GET"]}}],"collection":[{"href":"https:\/\/consmarsiglia.esteri.it\/it\/wp-json\/wp\/v2\/posts"}],"about":[{"href":"https:\/\/consmarsiglia.esteri.it\/it\/wp-json\/wp\/v2\/types\/post"}],"author":[{"embeddable":true,"href":"https:\/\/consmarsiglia.esteri.it\/it\/wp-json\/wp\/v2\/users\/14"}],"replies":[{"embeddable":true,"href":"https:\/\/consmarsiglia.esteri.it\/it\/wp-json\/wp\/v2\/comments?post=3793"}],"version-history":[{"count":1,"href":"https:\/\/consmarsiglia.esteri.it\/it\/wp-json\/wp\/v2\/posts\/3793\/revisions"}],"predecessor-version":[{"id":3798,"href":"https:\/\/consmarsiglia.esteri.it\/it\/wp-json\/wp\/v2\/posts\/3793\/revisions\/3798"}],"wp:featuredmedia":[{"embeddable":true,"href":"https:\/\/consmarsiglia.esteri.it\/it\/wp-json\/wp\/v2\/media\/3796"}],"wp:attachment":[{"href":"https:\/\/consmarsiglia.esteri.it\/it\/wp-json\/wp\/v2\/media?parent=3793"}],"wp:term":[{"taxonomy":"post_tag","embeddable":true,"href":"https:\/\/consmarsiglia.esteri.it\/it\/wp-json\/wp\/v2\/tags?post=3793"}],"curies":[{"name":"wp","href":"https:\/\/api.w.org\/{rel}","templated":true}]}}